{"id":292,"date":"2016-06-08T12:52:51","date_gmt":"2016-06-08T12:52:51","guid":{"rendered":"https:\/\/blog.aquaverde.ch\/fr\/?p=292"},"modified":"2016-07-03T10:00:52","modified_gmt":"2016-07-03T10:00:52","slug":"le-plusqile-festival-2016","status":"publish","type":"post","link":"https:\/\/blog.aquaverde.ch\/fr\/le-plusqile-festival-2016\/","title":{"rendered":"plusQ&rsquo;\u00eele Festival 2016"},"content":{"rendered":"<h2>Le plusQ&rsquo;\u00eele est un festival biennois consacr\u00e9 au nouveau cirque et des arts de la rue.<\/h2>\n<p>aquaverde soutient la manifestation en tant que partenaire depuis 2012. Le site web con\u00e7u par nos soins est simple et informatif, la consultation sur mobile y a \u00e9t\u00e9 optimis\u00e9e l&rsquo;ann\u00e9e pass\u00e9e. Rencontrant un franc succ\u00e8s, plus de 50% des consultations sont effectu\u00e9es depuis un smartphone ou une tablette.<\/p>\n<div id=\"attachment_295\" style=\"width: 692px\" class=\"wp-caption alignnone\"><a href=\"http:\/\/www.plusqile.ch\/\" target=\"_blank\"><img loading=\"lazy\" decoding=\"async\" aria-describedby=\"caption-attachment-295\" class=\"wp-image-295 size-large\" src=\"https:\/\/blog.aquaverde.ch\/wp-content\/uploads\/2016\/06\/plusqile2016-1-682x1024.jpg\" width=\"682\" height=\"1024\" srcset=\"https:\/\/blog.aquaverde.ch\/wp-content\/uploads\/2016\/06\/plusqile2016-1-682x1024.jpg 682w, https:\/\/blog.aquaverde.ch\/wp-content\/uploads\/2016\/06\/plusqile2016-1-200x300.jpg 200w, https:\/\/blog.aquaverde.ch\/wp-content\/uploads\/2016\/06\/plusqile2016-1-768x1154.jpg 768w, https:\/\/blog.aquaverde.ch\/wp-content\/uploads\/2016\/06\/plusqile2016-1.jpg 1500w\" sizes=\"auto, (max-width: 682px) 100vw, 682px\" \/><\/a><p id=\"caption-attachment-295\" class=\"wp-caption-text\">La version 2016 du site \u00e0 \u00e9t\u00e9 remani\u00e9e en s&rsquo;adaptant \u00e0 la nouvelle affiche.<\/p><\/div>\n<p>Nous remercions la dynamique et sympathique du plus \u00e9quipe du plusQ&rsquo;\u00eele pour la confiance accord\u00e9e \u00e0 aquaverde. Le festival \u00e0 lieu du 8 au 12 juin 2016 aux Pr\u00e9s-Neptune, au bord du lac de Bienne.<\/p>\n<p><img loading=\"lazy\" decoding=\"async\" class=\"alignnone size-full wp-image-311\" src=\"https:\/\/blog.aquaverde.ch\/wp-content\/uploads\/2016\/06\/plusqile2.jpg\" alt=\"plusqile2\" width=\"778\" height=\"960\" srcset=\"https:\/\/blog.aquaverde.ch\/wp-content\/uploads\/2016\/06\/plusqile2.jpg 778w, https:\/\/blog.aquaverde.ch\/wp-content\/uploads\/2016\/06\/plusqile2-243x300.jpg 243w, https:\/\/blog.aquaverde.ch\/wp-content\/uploads\/2016\/06\/plusqile2-768x948.jpg 768w\" sizes=\"auto, (max-width: 778px) 100vw, 778px\" \/><\/p>\n<p><a href=\"http:\/\/www.plusqile.ch\/\" target=\"_blank\">Plus d&rsquo;infos sur le site plusqile.ch<\/a><\/p>\n","protected":false},"excerpt":{"rendered":"<p>aquaverde soutient le festival plusQ&rsquo;\u00eele depuis 2012<\/p>\n","protected":false},"author":2,"featured_media":293,"comment_status":"closed","ping_status":"open","sticky":false,"template":"","format":"standard","meta":{"footnotes":""},"categories":[14,38,31],"tags":[],"class_list":["post-292","post","type-post","status-publish","format-standard","has-post-thumbnail","hentry","category-aquaverde","category-news","category-realisation"],"_links":{"self":[{"href":"https:\/\/blog.aquaverde.ch\/fr\/wp-json\/wp\/v2\/posts\/292","targetHints":{"allow":["GET"]}}],"collection":[{"href":"https:\/\/blog.aquaverde.ch\/fr\/wp-json\/wp\/v2\/posts"}],"about":[{"href":"https:\/\/blog.aquaverde.ch\/fr\/wp-json\/wp\/v2\/types\/post"}],"author":[{"embeddable":true,"href":"https:\/\/blog.aquaverde.ch\/fr\/wp-json\/wp\/v2\/users\/2"}],"replies":[{"embeddable":true,"href":"https:\/\/blog.aquaverde.ch\/fr\/wp-json\/wp\/v2\/comments?post=292"}],"version-history":[{"count":0,"href":"https:\/\/blog.aquaverde.ch\/fr\/wp-json\/wp\/v2\/posts\/292\/revisions"}],"wp:featuredmedia":[{"embeddable":true,"href":"https:\/\/blog.aquaverde.ch\/fr\/wp-json\/wp\/v2\/media\/293"}],"wp:attachment":[{"href":"https:\/\/blog.aquaverde.ch\/fr\/wp-json\/wp\/v2\/media?parent=292"}],"wp:term":[{"taxonomy":"category","embeddable":true,"href":"https:\/\/blog.aquaverde.ch\/fr\/wp-json\/wp\/v2\/categories?post=292"},{"taxonomy":"post_tag","embeddable":true,"href":"https:\/\/blog.aquaverde.ch\/fr\/wp-json\/wp\/v2\/tags?post=292"}],"curies":[{"name":"wp","href":"https:\/\/api.w.org\/{rel}","templated":true}]}}